{"id":1110,"date":"2022-09-29T08:39:14","date_gmt":"2022-09-29T07:39:14","guid":{"rendered":"https:\/\/imag.umontpellier.fr\/?p=1110"},"modified":"2022-09-30T10:53:44","modified_gmt":"2022-09-30T09:53:44","slug":"conference-en-souvenir-de-jacques-lafontaine","status":"publish","type":"post","link":"https:\/\/imag.umontpellier.fr\/?p=1110","title":{"rendered":"Conf\u00e9rence en souvenir de Jacques Lafontaine"},"content":{"rendered":"\n<div class=\"wp-block-media-text is-stacked-on-mobile\" style=\"grid-template-columns:19% auto\"><figure class=\"wp-block-media-text__media\"><a href=\"https:\/\/jacqueslaf2020.sciencesconf.org\/\" target=\"_blank\" rel=\"noreferrer noopener\"><img loading=\"lazy\" decoding=\"async\" width=\"165\" height=\"240\" src=\"https:\/\/imag.umontpellier.fr\/wp-content\/uploads\/2022\/09\/jcq.jpeg\" alt=\"\" class=\"wp-image-1111 size-full\"\/><\/a><\/figure><div class=\"wp-block-media-text__content\">\n<p>Ancien directeur du laboratoire, Jacques nous a quitt\u00e9 il y a bient\u00f4t deux ans. L\u2019IMAG organise une conf\u00e9rence \u00e0 sa m\u00e9moire, du 10 au 14 octobre 2022, sur le campus Triolet.<\/p>\n\n\n\n<p>Plus d\u2019informations sur le site de la conf\u00e9rence:<br><a rel=\"noreferrer noopener\" href=\"https:\/\/jacqueslaf2020.sciencesconf.org\/\" target=\"_blank\">https:\/\/jacqueslaf2020.sciencesconf.org<\/a><\/p>\n<\/div><\/div>\n\n\n\n<hr class=\"wp-block-separator has-css-opacity is-style-dots\"\/>\n","protected":false},"excerpt":{"rendered":"<p>Ancien directeur du laboratoire, Jacques nous a quitt\u00e9 il y a bient\u00f4t deux ans. L\u2019IMAG organise une conf\u00e9rence \u00e0 sa m\u00e9moire, du 10 au 14 [&#8230;]<\/p>\n","protected":false},"author":2,"featured_media":0,"comment_status":"closed","ping_status":"closed","sticky":false,"template":"","format":"standard","meta":{"footnotes":""},"categories":[],"tags":[27,6],"class_list":["post-1110","post","type-post","status-publish","format-standard","hentry","tag-conference","tag-imag"],"_links":{"self":[{"href":"https:\/\/imag.umontpellier.fr\/index.php?rest_route=\/wp\/v2\/posts\/1110","targetHints":{"allow":["GET"]}}],"collection":[{"href":"https:\/\/imag.umontpellier.fr\/index.php?rest_route=\/wp\/v2\/posts"}],"about":[{"href":"https:\/\/imag.umontpellier.fr\/index.php?rest_route=\/wp\/v2\/types\/post"}],"author":[{"embeddable":true,"href":"https:\/\/imag.umontpellier.fr\/index.php?rest_route=\/wp\/v2\/users\/2"}],"replies":[{"embeddable":true,"href":"https:\/\/imag.umontpellier.fr\/index.php?rest_route=%2Fwp%2Fv2%2Fcomments&post=1110"}],"version-history":[{"count":6,"href":"https:\/\/imag.umontpellier.fr\/index.php?rest_route=\/wp\/v2\/posts\/1110\/revisions"}],"predecessor-version":[{"id":1159,"href":"https:\/\/imag.umontpellier.fr\/index.php?rest_route=\/wp\/v2\/posts\/1110\/revisions\/1159"}],"wp:attachment":[{"href":"https:\/\/imag.umontpellier.fr\/index.php?rest_route=%2Fwp%2Fv2%2Fmedia&parent=1110"}],"wp:term":[{"taxonomy":"category","embeddable":true,"href":"https:\/\/imag.umontpellier.fr\/index.php?rest_route=%2Fwp%2Fv2%2Fcategories&post=1110"},{"taxonomy":"post_tag","embeddable":true,"href":"https:\/\/imag.umontpellier.fr\/index.php?rest_route=%2Fwp%2Fv2%2Ftags&post=1110"}],"curies":[{"name":"wp","href":"https:\/\/api.w.org\/{rel}","templated":true}]}}