{"id":1860,"date":"2024-06-27T09:50:47","date_gmt":"2024-06-27T08:50:47","guid":{"rendered":"https:\/\/imag.umontpellier.fr\/?p=1860"},"modified":"2024-09-27T10:51:15","modified_gmt":"2024-09-27T09:51:15","slug":"5eme-journee-condorcet-grothendieck-et-lecologie-radicale-5-novembre-2024","status":"publish","type":"post","link":"https:\/\/imag.umontpellier.fr\/?p=1860","title":{"rendered":"5\u00e8me Journ\u00e9e Condorcet, \u00ab\u00a0Grothendieck et l&rsquo;\u00e9cologie radicale\u00a0\u00bb, 5 novembre 2024"},"content":{"rendered":"\n<div class=\"wp-block-media-text is-stacked-on-mobile is-vertically-aligned-top\" style=\"grid-template-columns:38% auto\"><figure class=\"wp-block-media-text__media\"><a href=\"https:\/\/ires-fds.edu.umontpellier.fr\/2024\/06\/26\/5eme-journee-condorcet\/\" target=\"_blank\" rel=\"noreferrer noopener\"><img loading=\"lazy\" decoding=\"async\" width=\"784\" height=\"1024\" src=\"https:\/\/imag.umontpellier.fr\/wp-content\/uploads\/2024\/06\/Grothendieck-5eme-journee-Condorcet-784x1024-1.png\" alt=\"\" class=\"wp-image-1861 size-full\" srcset=\"https:\/\/imag.umontpellier.fr\/wp-content\/uploads\/2024\/06\/Grothendieck-5eme-journee-Condorcet-784x1024-1.png 784w, https:\/\/imag.umontpellier.fr\/wp-content\/uploads\/2024\/06\/Grothendieck-5eme-journee-Condorcet-784x1024-1-230x300.png 230w, https:\/\/imag.umontpellier.fr\/wp-content\/uploads\/2024\/06\/Grothendieck-5eme-journee-Condorcet-784x1024-1-768x1003.png 768w\" sizes=\"auto, (max-width: 784px) 100vw, 784px\" \/><\/a><\/figure><div class=\"wp-block-media-text__content\">\n<p>\u00c0 l&rsquo;occasion des 10 ans du d\u00e9c\u00e8s d&rsquo;Alexandre Grothendieck, nous avons choisi pour th\u00e8me de la 5\u00e8me Journ\u00e9e Condorcet,\u00ab <strong>Grothendieck et l&rsquo;\u00e9cologie radicale<\/strong> \u00bb. Cette journ\u00e9e aura lieu le mardi 5 novembre et nous projetons de la pr\u00e9c\u00e9der le lundi 4 novembre en fin de journ\u00e9e par une s\u00e9ance du documentaire d&rsquo;Herv\u00e9 Nisic \u00ab\u00a0L&rsquo;espace d&rsquo;un homme\u00a0\u00bb.<\/p>\n\n\n\n<p>Vous trouverez une pr\u00e9sentation de cette journ\u00e9e <a href=\"https:\/\/ires-fds.edu.umontpellier.fr\/2024\/09\/25\/programme-5eme-journee-condorcet\/\" target=\"_blank\" rel=\"noreferrer noopener\">ici<\/a><\/p>\n\n\n\n<p>Comme toutes les Journ\u00e9es Condorcet, elle est ouverte \u00e0 tous les membres de la communaut\u00e9 universitaire montpelli\u00e9raine. Nous esp\u00e9rons que cette th\u00e9matique trouvera un \u00e9cho particulier aupr\u00e8s des membres de l&rsquo;IMAG. Nous vous invitons aussi \u00e0 en faire la publicit\u00e9 \u00e0 vos futurs \u00e9tudiants, voire \u00e0 l&rsquo;inclure dans les activit\u00e9s de vos \u00e9tudiants.<\/p>\n\n\n\n<p>Retrouverez les s\u00e9ances pass\u00e9es sur la cha\u00eene <a href=\"https:\/\/www.youtube.com\/playlist?list=PLHoqXxi1H9XHJo7Mlct6-y_ECkem5jSIc\" target=\"_blank\" rel=\"noreferrer noopener\">YouTube de la FdS<\/a><\/p>\n<\/div><\/div>\n\n\n\n<hr class=\"wp-block-separator has-alpha-channel-opacity is-style-dots\"\/>\n","protected":false},"excerpt":{"rendered":"<p>\u00c0 l&rsquo;occasion des 10 ans du d\u00e9c\u00e8s d&rsquo;Alexandre Grothendieck, nous avons choisi pour th\u00e8me de la 5\u00e8me Journ\u00e9e Condorcet,\u00ab Grothendieck et l&rsquo;\u00e9cologie radicale \u00bb. Cette [&#8230;]<\/p>\n","protected":false},"author":2,"featured_media":0,"comment_status":"closed","ping_status":"closed","sticky":false,"template":"","format":"standard","meta":{"footnotes":""},"categories":[136,138,91,118],"tags":[134,11,6,33],"class_list":["post-1860","post","type-post","status-publish","format-standard","hentry","category-faculte-des-sciences","category-grothendieck","category-imag","category-ires","tag-faculte-des-sciences","tag-grothendieck","tag-imag","tag-ires"],"_links":{"self":[{"href":"https:\/\/imag.umontpellier.fr\/index.php?rest_route=\/wp\/v2\/posts\/1860","targetHints":{"allow":["GET"]}}],"collection":[{"href":"https:\/\/imag.umontpellier.fr\/index.php?rest_route=\/wp\/v2\/posts"}],"about":[{"href":"https:\/\/imag.umontpellier.fr\/index.php?rest_route=\/wp\/v2\/types\/post"}],"author":[{"embeddable":true,"href":"https:\/\/imag.umontpellier.fr\/index.php?rest_route=\/wp\/v2\/users\/2"}],"replies":[{"embeddable":true,"href":"https:\/\/imag.umontpellier.fr\/index.php?rest_route=%2Fwp%2Fv2%2Fcomments&post=1860"}],"version-history":[{"count":6,"href":"https:\/\/imag.umontpellier.fr\/index.php?rest_route=\/wp\/v2\/posts\/1860\/revisions"}],"predecessor-version":[{"id":1957,"href":"https:\/\/imag.umontpellier.fr\/index.php?rest_route=\/wp\/v2\/posts\/1860\/revisions\/1957"}],"wp:attachment":[{"href":"https:\/\/imag.umontpellier.fr\/index.php?rest_route=%2Fwp%2Fv2%2Fmedia&parent=1860"}],"wp:term":[{"taxonomy":"category","embeddable":true,"href":"https:\/\/imag.umontpellier.fr\/index.php?rest_route=%2Fwp%2Fv2%2Fcategories&post=1860"},{"taxonomy":"post_tag","embeddable":true,"href":"https:\/\/imag.umontpellier.fr\/index.php?rest_route=%2Fwp%2Fv2%2Ftags&post=1860"}],"curies":[{"name":"wp","href":"https:\/\/api.w.org\/{rel}","templated":true}]}}