{"id":1979,"date":"2024-10-16T08:39:56","date_gmt":"2024-10-16T07:39:56","guid":{"rendered":"https:\/\/imag.umontpellier.fr\/?p=1979"},"modified":"2025-06-06T10:26:18","modified_gmt":"2025-06-06T09:26:18","slug":"paul-emile-paradan-laureat-du-prix-alexandre-joannides-de-lacademie-des-sciences","status":"publish","type":"post","link":"https:\/\/imag.umontpellier.fr\/?p=1979","title":{"rendered":"Paul-\u00c9mile PARADAN , laur\u00e9at du prix Alexandre-Joannid\u00e8s de l&rsquo;Acad\u00e9mie des sciences"},"content":{"rendered":"\n<div class=\"wp-block-media-text is-stacked-on-mobile is-vertically-aligned-top\" style=\"grid-template-columns:33% auto\"><figure class=\"wp-block-media-text__media\"><a href=\"https:\/\/www.youtube.com\/live\/KbvrS-NzVJM\" target=\"_blank\" rel=\"noreferrer noopener\"><img loading=\"lazy\" decoding=\"async\" width=\"696\" height=\"1024\" src=\"https:\/\/imag.umontpellier.fr\/wp-content\/uploads\/2024\/10\/Ceremonie-696x1024.png\" alt=\"\" class=\"wp-image-1991 size-full\" srcset=\"https:\/\/imag.umontpellier.fr\/wp-content\/uploads\/2024\/10\/Ceremonie-696x1024.png 696w, https:\/\/imag.umontpellier.fr\/wp-content\/uploads\/2024\/10\/Ceremonie-204x300.png 204w, https:\/\/imag.umontpellier.fr\/wp-content\/uploads\/2024\/10\/Ceremonie-768x1129.png 768w, https:\/\/imag.umontpellier.fr\/wp-content\/uploads\/2024\/10\/Ceremonie.png 1012w\" sizes=\"auto, (max-width: 696px) 100vw, 696px\" \/><\/a><\/figure><div class=\"wp-block-media-text__content\">\n<p><strong>Paul-\u00c9mile PARADAN<\/strong>, professeur \u00e0 l\u2019Universit\u00e9 de Montpellier &#8211; IMAG &#8211; \u00e9quipe GTA, a re\u00e7u le prestigieux prix \u201cAlexandre-Joannid\u00e8s\u201d d\u00e9cern\u00e9 par l&rsquo;<a href=\"https:\/\/www.academie-sciences.fr\/fr\/\" target=\"_blank\" rel=\"noreferrer noopener\">Acad\u00e9mie des sciences<\/a> sous la coupole du palais de l&rsquo;Institut de France ce mardi 15 octobre 2024. Ce prix vient r\u00e9compenser les travaux de recherche de Paul-\u00c9mile qui se situent \u00e0 l&rsquo;interface de la th\u00e9orie de l&rsquo;indice d&rsquo;Atiyah-Singer, de la th\u00e9orie des repr\u00e9sentations et de la g\u00e9om\u00e9trie symplectique.<\/p>\n\n\n\n<p>Retrouvez l&rsquo;int\u00e9gralit\u00e9 de la c\u00e9r\u00e9monie <a href=\"https:\/\/www.youtube.com\/live\/KbvrS-NzVJM\" target=\"_blank\" rel=\"noreferrer noopener\">ici<\/a> (P-E. Paradan \u00e0 <a href=\"https:\/\/www.youtube.com\/live\/KbvrS-NzVJM?si=CZ6_TctGZwLGQI-w&amp;t=3246\" target=\"_blank\" rel=\"noreferrer noopener\">0:54min<\/a>).<\/p>\n\n\n\n<p>Le prix \u201cAlexandre-Joannid\u00e8s\u201d est destin\u00e9 aux recherches scientifiques que l\u2019Acad\u00e9mie jugerait utiles au bien public et dignes d\u2019encouragement.<\/p>\n\n\n\n<p>Portrait de l&rsquo;UM <a href=\"https:\/\/www.umontpellier.fr\/hall-of-fame\/paul-emile-paradan-la-perseverance-dun-chercheur-dor\" target=\"_blank\" rel=\"noreferrer noopener\">ici<\/a>.<\/p>\n<\/div><\/div>\n\n\n\n<hr class=\"wp-block-separator has-alpha-channel-opacity is-style-dots\"\/>\n\n\n\n<p><\/p>\n","protected":false},"excerpt":{"rendered":"<p>Paul-\u00c9mile PARADAN, professeur \u00e0 l\u2019Universit\u00e9 de Montpellier &#8211; IMAG &#8211; \u00e9quipe GTA, a re\u00e7u le prestigieux prix \u201cAlexandre-Joannid\u00e8s\u201d d\u00e9cern\u00e9 par l&rsquo;Acad\u00e9mie des sciences sous la [&#8230;]<\/p>\n","protected":false},"author":2,"featured_media":0,"comment_status":"closed","ping_status":"open","sticky":false,"template":"","format":"standard","meta":{"footnotes":""},"categories":[91],"tags":[19,6,72],"class_list":["post-1979","post","type-post","status-publish","format-standard","hentry","category-imag","tag-chercheurs","tag-imag","tag-prix-mathematiques"],"_links":{"self":[{"href":"https:\/\/imag.umontpellier.fr\/index.php?rest_route=\/wp\/v2\/posts\/1979","targetHints":{"allow":["GET"]}}],"collection":[{"href":"https:\/\/imag.umontpellier.fr\/index.php?rest_route=\/wp\/v2\/posts"}],"about":[{"href":"https:\/\/imag.umontpellier.fr\/index.php?rest_route=\/wp\/v2\/types\/post"}],"author":[{"embeddable":true,"href":"https:\/\/imag.umontpellier.fr\/index.php?rest_route=\/wp\/v2\/users\/2"}],"replies":[{"embeddable":true,"href":"https:\/\/imag.umontpellier.fr\/index.php?rest_route=%2Fwp%2Fv2%2Fcomments&post=1979"}],"version-history":[{"count":10,"href":"https:\/\/imag.umontpellier.fr\/index.php?rest_route=\/wp\/v2\/posts\/1979\/revisions"}],"predecessor-version":[{"id":2002,"href":"https:\/\/imag.umontpellier.fr\/index.php?rest_route=\/wp\/v2\/posts\/1979\/revisions\/2002"}],"wp:attachment":[{"href":"https:\/\/imag.umontpellier.fr\/index.php?rest_route=%2Fwp%2Fv2%2Fmedia&parent=1979"}],"wp:term":[{"taxonomy":"category","embeddable":true,"href":"https:\/\/imag.umontpellier.fr\/index.php?rest_route=%2Fwp%2Fv2%2Fcategories&post=1979"},{"taxonomy":"post_tag","embeddable":true,"href":"https:\/\/imag.umontpellier.fr\/index.php?rest_route=%2Fwp%2Fv2%2Ftags&post=1979"}],"curies":[{"name":"wp","href":"https:\/\/api.w.org\/{rel}","templated":true}]}}