{"id":2421,"date":"2025-09-30T08:53:25","date_gmt":"2025-09-30T07:53:25","guid":{"rendered":"https:\/\/imag.umontpellier.fr\/?p=2421"},"modified":"2025-09-30T09:09:02","modified_gmt":"2025-09-30T08:09:02","slug":"fete-de-la-science-2025","status":"publish","type":"post","link":"https:\/\/imag.umontpellier.fr\/?p=2421","title":{"rendered":"F\u00eate de la Sciences 2025"},"content":{"rendered":"\n<div class=\"wp-block-media-text is-stacked-on-mobile is-vertically-aligned-top\" style=\"grid-template-columns:41% auto\"><figure class=\"wp-block-media-text__media\"><img loading=\"lazy\" decoding=\"async\" width=\"290\" height=\"514\" src=\"https:\/\/imag.umontpellier.fr\/wp-content\/uploads\/2024\/09\/2024.png\" alt=\"\" class=\"wp-image-1946 size-medium\" srcset=\"https:\/\/imag.umontpellier.fr\/wp-content\/uploads\/2024\/09\/2024.png 290w, https:\/\/imag.umontpellier.fr\/wp-content\/uploads\/2024\/09\/2024-169x300.png 169w\" sizes=\"auto, (max-width: 290px) 100vw, 290px\" \/><\/figure><div class=\"wp-block-media-text__content\">\n<p>A l\u2019occasion de la <a href=\"https:\/\/www.fetedelascience.fr\/la-fete-de-la-science-2025-explore-les-intelligences\" target=\"_blank\" rel=\"noreferrer noopener\">F\u00eate de la Science 2025<\/a>, l\u2019IMAG le DEM et L&rsquo;<a href=\"https:\/\/ires-fds.edu.umontpellier.fr\/\" data-type=\"link\" data-id=\"https:\/\/ires-fds.edu.umontpellier.fr\/\" target=\"_blank\" rel=\"noreferrer noopener\">IRES<\/a> se mobilisent du <strong>samedi 4 au lundi 6 octobre 2025<\/strong>. La <em><strong>Carasciences<\/strong><\/em> sera install\u00e9e sur la place du Village des Sciences, \u00e0 la <a href=\"https:\/\/fde.umontpellier.fr\/\" data-type=\"link\" data-id=\"https:\/\/fde.umontpellier.fr\/\" target=\"_blank\" rel=\"noreferrer noopener\">facult\u00e9 d\u2019\u00e9ducation<\/a>, et l\u2019exposition <em><strong>Pourquoi les math\u00e9matiques ?<\/strong><\/em>   y sera pr\u00e9sent\u00e9e.<\/p>\n\n\n\n<p>Dans la <em><strong>Carasciences<\/strong><\/em>, des chercheurs, des chercheuses et des doctorants rencontrent des jeunes pour r\u00e9pondre \u00e0 des questions et expliquer ce qu\u2019ils font. Le point de d\u00e9part est souvent li\u00e9 aux travaux men\u00e9s par les chercheurs, leur quotidien de travail\u2026 Chaque rencontre dure \u00e0 peu pr\u00e8s un quart d\u2019heure.<\/p>\n\n\n\n<p>L\u2019exposition <em><strong>Pourquoi les math\u00e9matiques ?<\/strong><\/em>, tr\u00e8s interactive, montre aux visiteurs que les math\u00e9matiques sont int\u00e9ressantes, \u00e9tonnantes, utiles, accessibles \u00e0 tous, tr\u00e8s pr\u00e9sentes dans la vie quotidienne, qu&rsquo;elles d\u00e9bouchent sur de nombreux m\u00e9tiers, et qu\u2019elles jouent un r\u00f4le primordial dans la culture, le d\u00e9veloppement et le progr\u00e8s. Cette exposition constitu\u00e9e de nombreux objets \u00e0 manipuler est pr\u00e9sent\u00e9e par des chercheurs et des chercheuses en math\u00e9matique.<\/p>\n\n\n\n<p>Retrouvez le programme complet du <a href=\"https:\/\/www.fetedelascience.fr\/village-des-sciences-de-montpellier-2025-public\" target=\"_blank\" rel=\"noreferrer noopener\">Village des Sciences de Montpellier ici.<\/a><\/p>\n<\/div><\/div>\n\n\n\n<hr class=\"wp-block-separator has-alpha-channel-opacity is-style-dots\"\/>\n","protected":false},"excerpt":{"rendered":"<p>A l\u2019occasion de la F\u00eate de la Science 2025, l\u2019IMAG le DEM et L&rsquo;IRES se mobilisent du samedi 4 au lundi 6 octobre 2025. La [&#8230;]<\/p>\n","protected":false},"author":2,"featured_media":0,"comment_status":"closed","ping_status":"open","sticky":false,"template":"","format":"standard","meta":{"footnotes":""},"categories":[162,112,170,128,91,118],"tags":[31,6,33],"class_list":["post-2421","post","type-post","status-publish","format-standard","hentry","category-chercheurs","category-departement-de-mathematiques","category-faculte-deducation","category-fete-de-la-science","category-imag","category-ires","tag-fete-de-la-science","tag-imag","tag-ires"],"_links":{"self":[{"href":"https:\/\/imag.umontpellier.fr\/index.php?rest_route=\/wp\/v2\/posts\/2421","targetHints":{"allow":["GET"]}}],"collection":[{"href":"https:\/\/imag.umontpellier.fr\/index.php?rest_route=\/wp\/v2\/posts"}],"about":[{"href":"https:\/\/imag.umontpellier.fr\/index.php?rest_route=\/wp\/v2\/types\/post"}],"author":[{"embeddable":true,"href":"https:\/\/imag.umontpellier.fr\/index.php?rest_route=\/wp\/v2\/users\/2"}],"replies":[{"embeddable":true,"href":"https:\/\/imag.umontpellier.fr\/index.php?rest_route=%2Fwp%2Fv2%2Fcomments&post=2421"}],"version-history":[{"count":6,"href":"https:\/\/imag.umontpellier.fr\/index.php?rest_route=\/wp\/v2\/posts\/2421\/revisions"}],"predecessor-version":[{"id":2431,"href":"https:\/\/imag.umontpellier.fr\/index.php?rest_route=\/wp\/v2\/posts\/2421\/revisions\/2431"}],"wp:attachment":[{"href":"https:\/\/imag.umontpellier.fr\/index.php?rest_route=%2Fwp%2Fv2%2Fmedia&parent=2421"}],"wp:term":[{"taxonomy":"category","embeddable":true,"href":"https:\/\/imag.umontpellier.fr\/index.php?rest_route=%2Fwp%2Fv2%2Fcategories&post=2421"},{"taxonomy":"post_tag","embeddable":true,"href":"https:\/\/imag.umontpellier.fr\/index.php?rest_route=%2Fwp%2Fv2%2Ftags&post=2421"}],"curies":[{"name":"wp","href":"https:\/\/api.w.org\/{rel}","templated":true}]}}