{"id":2513,"date":"2026-01-27T10:30:00","date_gmt":"2026-01-27T09:30:00","guid":{"rendered":"https:\/\/imag.umontpellier.fr\/?p=2513"},"modified":"2026-01-27T10:47:44","modified_gmt":"2026-01-27T09:47:44","slug":"motives-in-montpellier-19-23-janvier-2026","status":"publish","type":"post","link":"https:\/\/imag.umontpellier.fr\/?p=2513","title":{"rendered":"Motives in Montpellier, 19-23 janvier 2026"},"content":{"rendered":"\n<div class=\"wp-block-media-text is-stacked-on-mobile is-vertically-aligned-top\" style=\"grid-template-columns:41% auto\"><figure class=\"wp-block-media-text__media\"><a href=\"https:\/\/imag.umontpellier.fr\/~tomic\/school2026\/\" target=\"_blank\" rel=\" noreferrer noopener\"><img loading=\"lazy\" decoding=\"async\" width=\"1024\" height=\"685\" src=\"https:\/\/imag.umontpellier.fr\/wp-content\/uploads\/2026\/01\/photo-1024x685.jpeg\" alt=\"\" class=\"wp-image-2514 size-medium\" srcset=\"https:\/\/imag.umontpellier.fr\/wp-content\/uploads\/2026\/01\/photo-1024x685.jpeg 1024w, https:\/\/imag.umontpellier.fr\/wp-content\/uploads\/2026\/01\/photo-300x201.jpeg 300w, https:\/\/imag.umontpellier.fr\/wp-content\/uploads\/2026\/01\/photo-768x514.jpeg 768w, https:\/\/imag.umontpellier.fr\/wp-content\/uploads\/2026\/01\/photo-1536x1027.jpeg 1536w, https:\/\/imag.umontpellier.fr\/wp-content\/uploads\/2026\/01\/photo-2048x1369.jpeg 2048w, https:\/\/imag.umontpellier.fr\/wp-content\/uploads\/2026\/01\/photo-1800x1204.jpeg 1800w\" sizes=\"auto, (max-width: 1024px) 100vw, 1024px\" \/><\/a><\/figure><div class=\"wp-block-media-text__content\">\n<p>Du 19 au 23 janvier, l&rsquo;\u00e9cole d&rsquo;hiver <em><strong><a href=\"https:\/\/imag.umontpellier.fr\/~tomic\/school2026\/\" target=\"_blank\" rel=\"noreferrer noopener\">Motives in Montpellier<\/a><\/strong><\/em> a r\u00e9uni plus de cinquante participants, majoritairement doctorants ou post-doctorants bas\u00e9s en Europe, sur le campus Triolet.<br> Des expos\u00e9s de jeunes chercheurs et des mini-cours de Giuseppe Ancona, Margaret Bilu et Martin Gallauer ont explor\u00e9 la f\u00e9condit\u00e9\u00a0en g\u00e9om\u00e9trie alg\u00e9brique\u00a0de la notion de motifs introduite par Grothendieck.<br> L&rsquo;\u00e9cole a \u00e9t\u00e9 organis\u00e9e par des membres de l&rsquo;<strong>IMAG<\/strong> (Cl\u00e9ment Dupont, Ulysse Mounoud, Nikola Tomic, Sofian Tur-Dorvault) avec le soutien financier de l&rsquo;ANR CYCLADES, de l&rsquo;IMAG, de l&rsquo;IHP, du RTop, de l&rsquo;UM et du p\u00f4le MIPS.<\/p>\n\n\n\n<p>Plus de renseignements sur <a href=\"https:\/\/imag.umontpellier.fr\/~tomic\/school2026\/\">https:\/\/imag.umontpellier.fr\/~tomic\/school2026\/<\/a>:<\/p>\n\n\n\n<p><\/p>\n<\/div><\/div>\n\n\n\n<hr class=\"wp-block-separator has-alpha-channel-opacity is-style-dots\"\/>\n","protected":false},"excerpt":{"rendered":"<p>Du 19 au 23 janvier, l&rsquo;\u00e9cole d&rsquo;hiver Motives in Montpellier a r\u00e9uni plus de cinquante participants, majoritairement doctorants ou post-doctorants bas\u00e9s en Europe, sur le [&#8230;]<\/p>\n","protected":false},"author":2,"featured_media":0,"comment_status":"open","ping_status":"open","sticky":false,"template":"","format":"standard","meta":{"footnotes":""},"categories":[162,190,91],"tags":[19,188,6],"class_list":["post-2513","post","type-post","status-publish","format-standard","hentry","category-chercheurs","category-doctorants","category-imag","tag-chercheurs","tag-doctorants","tag-imag"],"_links":{"self":[{"href":"https:\/\/imag.umontpellier.fr\/index.php?rest_route=\/wp\/v2\/posts\/2513","targetHints":{"allow":["GET"]}}],"collection":[{"href":"https:\/\/imag.umontpellier.fr\/index.php?rest_route=\/wp\/v2\/posts"}],"about":[{"href":"https:\/\/imag.umontpellier.fr\/index.php?rest_route=\/wp\/v2\/types\/post"}],"author":[{"embeddable":true,"href":"https:\/\/imag.umontpellier.fr\/index.php?rest_route=\/wp\/v2\/users\/2"}],"replies":[{"embeddable":true,"href":"https:\/\/imag.umontpellier.fr\/index.php?rest_route=%2Fwp%2Fv2%2Fcomments&post=2513"}],"version-history":[{"count":6,"href":"https:\/\/imag.umontpellier.fr\/index.php?rest_route=\/wp\/v2\/posts\/2513\/revisions"}],"predecessor-version":[{"id":2520,"href":"https:\/\/imag.umontpellier.fr\/index.php?rest_route=\/wp\/v2\/posts\/2513\/revisions\/2520"}],"wp:attachment":[{"href":"https:\/\/imag.umontpellier.fr\/index.php?rest_route=%2Fwp%2Fv2%2Fmedia&parent=2513"}],"wp:term":[{"taxonomy":"category","embeddable":true,"href":"https:\/\/imag.umontpellier.fr\/index.php?rest_route=%2Fwp%2Fv2%2Fcategories&post=2513"},{"taxonomy":"post_tag","embeddable":true,"href":"https:\/\/imag.umontpellier.fr\/index.php?rest_route=%2Fwp%2Fv2%2Ftags&post=2513"}],"curies":[{"name":"wp","href":"https:\/\/api.w.org\/{rel}","templated":true}]}}