
{"id":2743,"date":"2026-09-04T10:38:05","date_gmt":"2026-09-04T08:38:05","guid":{"rendered":"https:\/\/imag.umontpellier.fr\/?p=2743"},"modified":"2026-09-04T16:13:49","modified_gmt":"2026-09-04T14:13:49","slug":"nuit-mediterraneenne-des-chercheuses-25-sept-2026","status":"publish","type":"post","link":"https:\/\/imag.umontpellier.fr\/?p=2743","title":{"rendered":"Nuit M\u00e9diterran\u00e9enne des Chercheuses &#8211; 25 sept. 2026"},"content":{"rendered":"\n<div class=\"wp-block-media-text is-stacked-on-mobile is-vertically-aligned-top\" style=\"grid-template-columns:23% auto\"><figure class=\"wp-block-media-text__media\"><a href=\"https:\/\/www.inrae.fr\/sites\/default\/files\/pdf\/flyer_nuitmediterranennechercheuses-mednight2026.pdf\" target=\"_blank\" rel=\" noreferrer noopener\"><img loading=\"lazy\" decoding=\"async\" width=\"356\" height=\"1024\" src=\"https:\/\/imag.umontpellier.fr\/wp-content\/uploads\/2026\/09\/flyer_nuitmediterranennechercheuses-mednight2026_page-0002-1-356x1024.jpg\" alt=\"\" class=\"wp-image-2751 size-medium\" srcset=\"https:\/\/imag.umontpellier.fr\/wp-content\/uploads\/2026\/09\/flyer_nuitmediterranennechercheuses-mednight2026_page-0002-1-356x1024.jpg 356w, https:\/\/imag.umontpellier.fr\/wp-content\/uploads\/2026\/09\/flyer_nuitmediterranennechercheuses-mednight2026_page-0002-1-104x300.jpg 104w, https:\/\/imag.umontpellier.fr\/wp-content\/uploads\/2026\/09\/flyer_nuitmediterranennechercheuses-mednight2026_page-0002-1-768x2210.jpg 768w, https:\/\/imag.umontpellier.fr\/wp-content\/uploads\/2026\/09\/flyer_nuitmediterranennechercheuses-mednight2026_page-0002-1-534x1536.jpg 534w, https:\/\/imag.umontpellier.fr\/wp-content\/uploads\/2026\/09\/flyer_nuitmediterranennechercheuses-mednight2026_page-0002-1-712x2048.jpg 712w, https:\/\/imag.umontpellier.fr\/wp-content\/uploads\/2026\/09\/flyer_nuitmediterranennechercheuses-mednight2026_page-0002-1.jpg 866w\" sizes=\"auto, (max-width: 356px) 100vw, 356px\" \/><\/a><\/figure><div class=\"wp-block-media-text__content\">\n<p class=\"wp-block-paragraph\">Pour la 4\u00e8 ann\u00e9e cons\u00e9cutive, Genopolys organise \u00e0 Montpellier, le vendredi 25 septembre 2026, <strong><a href=\"https:\/\/www.genopolys.fr\/evenements\/nuit-mediterraneenne-des-chercheuses-2026\/\" target=\"_blank\" rel=\"noopener\">la Nuit M\u00e9diterran\u00e9enne des Chercheuses<\/a><\/strong> : un \u00e9v\u00e9nement festif, scientifique et citoyen qui invite petits et grands \u00e0 rencontrer celles et ceux qui font la recherche aujourd\u2019hui. <br> De 16h30 \u00e0 22h30, au c\u0153ur du <strong>lyc\u00e9e Joffre<\/strong>, plus de 150 personnels des laboratoires de recherche territoriaux partageront leur passion, leurs d\u00e9couvertes et les coulisses de leurs m\u00e9tiers. <br> L&rsquo;<strong>IMAG<\/strong> et de l&rsquo;<strong>IRES<\/strong> s&rsquo;associent \u00e0 cet \u00e9v\u00e9nement :<\/p>\n\n\n\n<h4 class=\"wp-block-heading\">Atelier &#8211; Puzzles math\u00e9matiques\u200b &#8211; <\/h4>\n\n\n\n<p class=\"wp-block-paragraph\">Vous \u00eates invit\u00e9s \u00e0 r\u00e9aliser des puzzles mobilisant des outils math\u00e9matiques ou des d\u00e9marches de recherche. Par cet interm\u00e9diaire, les chercheurs peuvent discuter avec vous de la recherche en math\u00e9matiques, et de l\u2019\u00e9volution des connaissances dans ce domaine.<\/p>\n\n\n\n<p class=\"wp-block-paragraph\">En continu de 18h00 \u00e0 22h30 &#8211; Salle A111 &#8211;<\/p>\n\n\n\n<p class=\"wp-block-paragraph\">Propos\u00e9 par <strong>Anne CORTELLA<\/strong>, Enseignante-Chercheuse de l\u2019Universit\u00e9 de Montpellier de l\u2019Institut Montpelli\u00e9rain Alexander Grothendieck et de l\u2019Institut de Recherche sur l\u2019Enseignement des Sciences.<\/p>\n\n\n\n<h4 class=\"wp-block-heading\">Atelier &#8211; Recherches math\u00e9matiques d\u2019aujourd\u2019hui &#8211;<\/h4>\n\n\n\n<p class=\"wp-block-paragraph\">Autour du poster \u00ab&nbsp;Paysage math\u00e9matique&nbsp;\u00bb, nous vous parlerons de multiples sujets de recherches math\u00e9matiques contemporaines, des math\u00e9matiques de plus en plus collectives, collaboratives, qui servent \u00e0 d\u00e9crire le monde qui nous entoure, mod\u00e9liser des ph\u00e9nom\u00e8nes, anticiper, soigner, \u2026<\/p>\n\n\n\n<p class=\"wp-block-paragraph\">En continu de 16h30 \u00e0 20h00 &#8211; Salle A301 &#8211;<\/p>\n\n\n\n<p class=\"wp-block-paragraph\">Propos\u00e9 par <strong>Barbara SCHAPIRA<\/strong>, Enseignante-Chercheuse Universit\u00e9 de Montpellier, <strong>Vanessa LLERAS<\/strong>, Enseignante-Chercheuse Universit\u00e9 de Montpellier, et <strong>Arax LEROY<\/strong>, \u00c9tudiant en th\u00e8se CNRS, <strong>Nicolas SEGUIN<\/strong>, Chercheur INRIA, <strong>St\u00e9phane LEJEUNE<\/strong>, \u00c9tudiant en master didactique des sciences, de l\u2019Institut Montpelli\u00e9rain Alexander Grothendieck.<\/p>\n\n\n\n<p class=\"wp-block-paragraph\"><a href=\"https:\/\/www.genopolys.fr\/evenements\/nuit-mediterraneenne-des-chercheuses-2026\/\" target=\"_blank\" rel=\"noopener\">Retrouvez le programme complet ici<\/a><\/p>\n<\/div><\/div>\n\n\n\n<hr class=\"wp-block-separator has-alpha-channel-opacity is-style-dots\"\/>\n\n\n\n<p class=\"wp-block-paragraph\"><\/p>\n","protected":false},"excerpt":{"rendered":"<p>Pour la 4\u00e8 ann\u00e9e cons\u00e9cutive, Genopolys organise \u00e0 Montpellier, le vendredi 25 septembre 2026, la Nuit M\u00e9diterran\u00e9enne des Chercheuses : un \u00e9v\u00e9nement festif, scientifique et [&#8230;]<\/p>\n","protected":false},"author":2,"featured_media":0,"comment_status":"open","ping_status":"open","sticky":false,"template":"","format":"standard","meta":{"footnotes":""},"categories":[166,91,118],"tags":[6,33],"class_list":["post-2743","post","type-post","status-publish","format-standard","hentry","category-femmes-et-mathematiques","category-imag","category-ires","tag-imag","tag-ires"],"_links":{"self":[{"href":"https:\/\/imag.umontpellier.fr\/index.php?rest_route=\/wp\/v2\/posts\/2743","targetHints":{"allow":["GET"]}}],"collection":[{"href":"https:\/\/imag.umontpellier.fr\/index.php?rest_route=\/wp\/v2\/posts"}],"about":[{"href":"https:\/\/imag.umontpellier.fr\/index.php?rest_route=\/wp\/v2\/types\/post"}],"author":[{"embeddable":true,"href":"https:\/\/imag.umontpellier.fr\/index.php?rest_route=\/wp\/v2\/users\/2"}],"replies":[{"embeddable":true,"href":"https:\/\/imag.umontpellier.fr\/index.php?rest_route=%2Fwp%2Fv2%2Fcomments&post=2743"}],"version-history":[{"count":10,"href":"https:\/\/imag.umontpellier.fr\/index.php?rest_route=\/wp\/v2\/posts\/2743\/revisions"}],"predecessor-version":[{"id":2757,"href":"https:\/\/imag.umontpellier.fr\/index.php?rest_route=\/wp\/v2\/posts\/2743\/revisions\/2757"}],"wp:attachment":[{"href":"https:\/\/imag.umontpellier.fr\/index.php?rest_route=%2Fwp%2Fv2%2Fmedia&parent=2743"}],"wp:term":[{"taxonomy":"category","embeddable":true,"href":"https:\/\/imag.umontpellier.fr\/index.php?rest_route=%2Fwp%2Fv2%2Fcategories&post=2743"},{"taxonomy":"post_tag","embeddable":true,"href":"https:\/\/imag.umontpellier.fr\/index.php?rest_route=%2Fwp%2Fv2%2Ftags&post=2743"}],"curies":[{"name":"wp","href":"https:\/\/api.w.org\/{rel}","templated":true}]}}