{"id":531,"date":"2022-02-04T09:45:40","date_gmt":"2022-02-04T08:45:40","guid":{"rendered":"https:\/\/imag.umontpellier.fr\/wordpress\/?p=531"},"modified":"2022-05-18T08:48:40","modified_gmt":"2022-05-18T07:48:40","slug":"531","status":"publish","type":"post","link":"https:\/\/imag.umontpellier.fr\/?p=531","title":{"rendered":"Disponible \u00e0 la biblioth\u00e8que"},"content":{"rendered":"\n<div class=\"wp-block-media-text is-stacked-on-mobile is-vertically-aligned-top\" style=\"grid-template-columns:25% auto\"><figure class=\"wp-block-media-text__media\"><img loading=\"lazy\" decoding=\"async\" width=\"195\" height=\"296\" src=\"https:\/\/imag.umontpellier.fr\/wp-content\/uploads\/2022\/05\/product_9782072889752_195x320-1.jpg\" alt=\"\" class=\"wp-image-1026 size-full\"\/><\/figure><div class=\"wp-block-media-text__content\">\n<p class=\"has-text-align-left\"><strong><em>R\u00e9coltes et Semailles I, II<\/em><\/strong><br>R\u00e9flexions et t\u00e9moignage sur un pass\u00e9 de math\u00e9maticien<br><strong>Alexandre Grothendieck<\/strong><\/p>\n\n\n\n<p>Collection Tel, Gallimard, 2022. <a rel=\"noreferrer noopener\" href=\"https:\/\/www.gallimard.fr\/Catalogue\/GALLIMARD\/Tel\/Recoltes-et-Semailles-I-II#\" target=\"_blank\"><br>Pr\u00e9sentation par l&rsquo;\u00e9diteur<\/a><\/p>\n<\/div><\/div>\n\n\n\n<hr class=\"wp-block-separator is-style-dots\"\/>\n","protected":false},"excerpt":{"rendered":"<p>R\u00e9coltes et Semailles I, IIR\u00e9flexions et t\u00e9moignage sur un pass\u00e9 de math\u00e9maticienAlexandre Grothendieck Collection Tel, Gallimard, 2022. Pr\u00e9sentation par l&rsquo;\u00e9diteur<\/p>\n","protected":false},"author":2,"featured_media":0,"comment_status":"closed","ping_status":"closed","sticky":false,"template":"","format":"standard","meta":{"footnotes":""},"categories":[],"tags":[10,11,6],"class_list":["post-531","post","type-post","status-publish","format-standard","hentry","tag-bibliotheque","tag-grothendieck","tag-imag"],"_links":{"self":[{"href":"https:\/\/imag.umontpellier.fr\/index.php?rest_route=\/wp\/v2\/posts\/531","targetHints":{"allow":["GET"]}}],"collection":[{"href":"https:\/\/imag.umontpellier.fr\/index.php?rest_route=\/wp\/v2\/posts"}],"about":[{"href":"https:\/\/imag.umontpellier.fr\/index.php?rest_route=\/wp\/v2\/types\/post"}],"author":[{"embeddable":true,"href":"https:\/\/imag.umontpellier.fr\/index.php?rest_route=\/wp\/v2\/users\/2"}],"replies":[{"embeddable":true,"href":"https:\/\/imag.umontpellier.fr\/index.php?rest_route=%2Fwp%2Fv2%2Fcomments&post=531"}],"version-history":[{"count":28,"href":"https:\/\/imag.umontpellier.fr\/index.php?rest_route=\/wp\/v2\/posts\/531\/revisions"}],"predecessor-version":[{"id":1031,"href":"https:\/\/imag.umontpellier.fr\/index.php?rest_route=\/wp\/v2\/posts\/531\/revisions\/1031"}],"wp:attachment":[{"href":"https:\/\/imag.umontpellier.fr\/index.php?rest_route=%2Fwp%2Fv2%2Fmedia&parent=531"}],"wp:term":[{"taxonomy":"category","embeddable":true,"href":"https:\/\/imag.umontpellier.fr\/index.php?rest_route=%2Fwp%2Fv2%2Fcategories&post=531"},{"taxonomy":"post_tag","embeddable":true,"href":"https:\/\/imag.umontpellier.fr\/index.php?rest_route=%2Fwp%2Fv2%2Ftags&post=531"}],"curies":[{"name":"wp","href":"https:\/\/api.w.org\/{rel}","templated":true}]}}